{"id":1379,"date":"2019-01-22T19:47:02","date_gmt":"2019-01-22T17:47:02","guid":{"rendered":"http:\/\/www.laurapennanen.fi\/?p=1379"},"modified":"2019-01-22T19:47:02","modified_gmt":"2019-01-22T17:47:02","slug":"talvi","status":"publish","type":"post","link":"https:\/\/www.laurapennanen.fi\/?p=1379","title":{"rendered":"Talvi"},"content":{"rendered":"<p>Seison meren j\u00e4\u00e4ll\u00e4 ja katselen, kuinka taivaankansi vaihtaa v\u00e4ri\u00e4. Auringonnousuun on viel\u00e4 aikaa, pakkanen huitelee liki 20 asteessa, tuuli on vaiti. Lumi narskuu talvikenkieni alla. Siin\u00e4 kahdenkymmenen sentin lumikerroksen alla on my\u00f6s yht\u00e4 paksulti j\u00e4\u00e4t\u00e4 ja sen j\u00e4lkeen jossain, silmien tavoittamattomissa, lep\u00e4ilee meri. Vaitonaisena se odottaa kev\u00e4tt\u00e4. Vaaleanpunertava taivas muuttuu hiljalleen hele\u00e4n punaiseksi ja lilan vivahteet juovittavat maisemaan satumaisen kajon aamuh\u00e4m\u00e4r\u00e4n v\u00e4istyess\u00e4 yh\u00e4 kauemmas ja kauemmas. Linnut ovat viel\u00e4 vaiti, ja kaunis y\u00f6llinen kuutamo haalistuu pikkuhiljaa.<\/p>\n<div id=\"attachment_1384\" style=\"width: 310px\" class=\"wp-caption alignnone\"><a href=\"http:\/\/www.laurapennanen.fi\/wp-content\/uploads\/2019\/01\/Aurinkonousee-j\u00e4\u00e4ll\u00e4.jpg\"><img loading=\"lazy\" decoding=\"async\" aria-describedby=\"caption-attachment-1384\" class=\"wp-image-1384\" src=\"http:\/\/www.laurapennanen.fi\/wp-content\/uploads\/2019\/01\/Aurinkonousee-j\u00e4\u00e4ll\u00e4-1024x683.jpg\" alt=\"\" width=\"300\" height=\"200\" srcset=\"https:\/\/www.laurapennanen.fi\/wp-content\/uploads\/2019\/01\/Aurinkonousee-j\u00e4\u00e4ll\u00e4-1024x683.jpg 1024w, https:\/\/www.laurapennanen.fi\/wp-content\/uploads\/2019\/01\/Aurinkonousee-j\u00e4\u00e4ll\u00e4-300x200.jpg 300w, https:\/\/www.laurapennanen.fi\/wp-content\/uploads\/2019\/01\/Aurinkonousee-j\u00e4\u00e4ll\u00e4-768x512.jpg 768w, https:\/\/www.laurapennanen.fi\/wp-content\/uploads\/2019\/01\/Aurinkonousee-j\u00e4\u00e4ll\u00e4-624x416.jpg 624w\" sizes=\"auto, (max-width: 300px) 100vw, 300px\" \/><\/a><p id=\"caption-attachment-1384\" class=\"wp-caption-text\">Kylm\u00e4\u00e4 mutta niin kaunista \ud83d\ude42<\/p><\/div>\n<p>Y\u00f6ll\u00e4 k\u00e4velin valaistussa mets\u00e4ss\u00e4. T\u00e4ysikuu toi valon, ja mieli oli tyyni. Loppulenkist\u00e4 varpaita kipristeli ja pistin juoksuksi. Ei sill\u00e4, ett\u00e4 minulla olisi ollut kiire mihink\u00e4\u00e4n. L\u00e4mm\u00f6n palatessa varpaisiin, hidastin takaisin k\u00e4velyksi ja katselin ikihonkia, joiden paksut oksat t\u00e4yttyiv\u00e4t lumivaipasta. Tuota samaa talven peittoa oli silm\u00e4nkantamattomiin mets\u00e4 t\u00e4ynn\u00e4. Mustikanvarvut, kanervat ja kaikki tutut pikkukivet olivat kadonneet. Mets\u00e4n t\u00e4ytti y\u00f6n hiljaisuus ja hengitykseni h\u00f6yry oli ainut siell\u00e4 liikkuva otus. Se kiemurteli puiden runkoja yl\u00f6s, kuin leikkien lumessa. Kosketin kevyesti nuoren kuusen lument\u00e4ytt\u00e4m\u00e4\u00e4 oksaa. Ja sain p\u00e4\u00e4lleni lumet. Hartiani peittyiv\u00e4t hetkess\u00e4 miljoonien kauniiden lumikiteiden alle. Olin hetken yksi oksa muiden joukossa, lumen peitt\u00e4m\u00e4n\u00e4 ja paikollaan.<\/p>\n<div id=\"attachment_1374\" style=\"width: 310px\" class=\"wp-caption alignnone\"><a href=\"http:\/\/www.laurapennanen.fi\/wp-content\/uploads\/2019\/01\/Kuutamokuusi.jpg\"><img loading=\"lazy\" decoding=\"async\" aria-describedby=\"caption-attachment-1374\" class=\"wp-image-1374\" src=\"http:\/\/www.laurapennanen.fi\/wp-content\/uploads\/2019\/01\/Kuutamokuusi-1024x768.jpg\" alt=\"\" width=\"300\" height=\"225\" srcset=\"https:\/\/www.laurapennanen.fi\/wp-content\/uploads\/2019\/01\/Kuutamokuusi-1024x768.jpg 1024w, https:\/\/www.laurapennanen.fi\/wp-content\/uploads\/2019\/01\/Kuutamokuusi-300x225.jpg 300w, https:\/\/www.laurapennanen.fi\/wp-content\/uploads\/2019\/01\/Kuutamokuusi-768x576.jpg 768w, https:\/\/www.laurapennanen.fi\/wp-content\/uploads\/2019\/01\/Kuutamokuusi-624x468.jpg 624w, https:\/\/www.laurapennanen.fi\/wp-content\/uploads\/2019\/01\/Kuutamokuusi.jpg 1843w\" sizes=\"auto, (max-width: 300px) 100vw, 300px\" \/><\/a><p id=\"caption-attachment-1374\" class=\"wp-caption-text\">Maisema merellep\u00e4in. Joulukuusikin loistaa kilpaa kuunvalon kanssa. Taustan valkoinen matto on meren katto, j\u00e4\u00e4.<\/p><\/div>\n<p>P\u00e4iv\u00e4ll\u00e4 k\u00e4vin hiiht\u00e4m\u00e4ss\u00e4. Saaren mets\u00e4teill\u00e4 ei tunneta latukoneita, eik\u00e4 itseasiassa latuja sinne ilmesty muutenkaan. Minun lis\u00e4kseni suksilla mets\u00e4ss\u00e4 kulkee mieheni ja toisella puolella saarta asuva rouva. Koko talvessa en v\u00e4ltt\u00e4m\u00e4tt\u00e4 t\u00f6rm\u00e4\u00e4 yhteenk\u00e4\u00e4n tehtyyn latuun, omia j\u00e4lki\u00e4 lukuunottamatta. Yhdet ladut, lumisade ja taas tie on puhdas. Hiihd\u00e4n usein mahdollisimman my\u00f6h\u00e4\u00e4n iltap\u00e4iv\u00e4ll\u00e4 niin, ett\u00e4 h\u00e4m\u00e4r\u00e4 p\u00e4\u00e4see laskemaan. Laitan otsalampun p\u00e4\u00e4lle ja samalla kuuntelen sivakoinnin \u00e4\u00e4ni\u00e4 ja luonnon hiljaisuutta. Tunnen maaston niin hyvin, ett\u00e4 v\u00e4lill\u00e4 sammutan valon kokonaan ja vain liun pitkin moottorikelkan uraa. Pohja on kova ja helppo menn\u00e4. J\u00e4\u00e4lle en ole viel\u00e4 t\u00e4n\u00e4 talvena mennyt. Isovesi nostaa j\u00e4\u00e4n p\u00e4\u00e4lle niin paljon vett\u00e4, ett\u00e4 l\u00e4hinn\u00e4 vesisuksilla olisi sinne asiaa.<\/p>\n<div id=\"attachment_1385\" style=\"width: 310px\" class=\"wp-caption alignnone\"><a href=\"http:\/\/www.laurapennanen.fi\/wp-content\/uploads\/2019\/01\/Hiiht\u00e4\u00e4-blogiin-2.jpg\"><img loading=\"lazy\" decoding=\"async\" aria-describedby=\"caption-attachment-1385\" class=\"wp-image-1385\" src=\"http:\/\/www.laurapennanen.fi\/wp-content\/uploads\/2019\/01\/Hiiht\u00e4\u00e4-blogiin-2-1024x768.jpg\" alt=\"\" width=\"300\" height=\"225\" srcset=\"https:\/\/www.laurapennanen.fi\/wp-content\/uploads\/2019\/01\/Hiiht\u00e4\u00e4-blogiin-2-1024x768.jpg 1024w, https:\/\/www.laurapennanen.fi\/wp-content\/uploads\/2019\/01\/Hiiht\u00e4\u00e4-blogiin-2-300x225.jpg 300w, https:\/\/www.laurapennanen.fi\/wp-content\/uploads\/2019\/01\/Hiiht\u00e4\u00e4-blogiin-2-768x576.jpg 768w, https:\/\/www.laurapennanen.fi\/wp-content\/uploads\/2019\/01\/Hiiht\u00e4\u00e4-blogiin-2-624x468.jpg 624w, https:\/\/www.laurapennanen.fi\/wp-content\/uploads\/2019\/01\/Hiiht\u00e4\u00e4-blogiin-2.jpg 1587w\" sizes=\"auto, (max-width: 300px) 100vw, 300px\" \/><\/a><p id=\"caption-attachment-1385\" class=\"wp-caption-text\">Puhtaan valkeaa ja hiljaista, saariston hiiht\u00e4j\u00e4n latunen&#8230;<\/p><\/div>\n<p>Kotiin p\u00e4\u00e4sty\u00e4ni sytytin iltaiset lyhdyt pihaan, joiden lomitse kuun valo toi mystisen tunnelman. Saunan l\u00e4mpenemist\u00e4 odotellessani sy\u00f6tin koirat. Rakastan talvea, rakastan lunta ja hiiht\u00e4mist\u00e4. Tied\u00e4n, ett\u00e4 en sanonut tuossa lauseessa kaikkea, mit\u00e4 rakastan. Kaikkein eniten rakastan merta, vapaana ja kauniina. Kun saan ajaa Marulla ja lipua hiljaa laituriin, antaen kaikkien aistien sis\u00e4ist\u00e4\u00e4 meren. Tuntea meren tuoksun, maistaa suolaisen maun, kuulla laineiden \u00e4\u00e4net, n\u00e4hd\u00e4 meren kauniit kaaret ja tuntea, kun vesi p\u00e4rsk\u00e4ht\u00e4\u00e4 kasvoilleni. Sit\u00e4 odotellessani, voin rauhassa rakastaa talvea, viel\u00e4 muutaman kuukauden.<\/p>\n<div id=\"attachment_1375\" style=\"width: 310px\" class=\"wp-caption alignnone\"><a href=\"http:\/\/www.laurapennanen.fi\/wp-content\/uploads\/2019\/01\/Kuutamolyhdyt.jpg\"><img loading=\"lazy\" decoding=\"async\" aria-describedby=\"caption-attachment-1375\" class=\"wp-image-1375\" src=\"http:\/\/www.laurapennanen.fi\/wp-content\/uploads\/2019\/01\/Kuutamolyhdyt-1024x768.jpg\" alt=\"\" width=\"300\" height=\"225\" srcset=\"https:\/\/www.laurapennanen.fi\/wp-content\/uploads\/2019\/01\/Kuutamolyhdyt-1024x768.jpg 1024w, https:\/\/www.laurapennanen.fi\/wp-content\/uploads\/2019\/01\/Kuutamolyhdyt-300x225.jpg 300w, https:\/\/www.laurapennanen.fi\/wp-content\/uploads\/2019\/01\/Kuutamolyhdyt-768x576.jpg 768w, https:\/\/www.laurapennanen.fi\/wp-content\/uploads\/2019\/01\/Kuutamolyhdyt-624x468.jpg 624w, https:\/\/www.laurapennanen.fi\/wp-content\/uploads\/2019\/01\/Kuutamolyhdyt.jpg 1600w\" sizes=\"auto, (max-width: 300px) 100vw, 300px\" \/><\/a><p id=\"caption-attachment-1375\" class=\"wp-caption-text\">Satumaisema omalla pihalla. Kuun valo luo eritt\u00e4in rauhoittavan tunnelman lumen ja pakkasen maisemaan &lt;3<\/p><\/div>\n","protected":false},"excerpt":{"rendered":"<p>Seison meren j\u00e4\u00e4ll\u00e4 ja katselen, kuinka taivaankansi vaihtaa v\u00e4ri\u00e4. Auringonnousuun on viel\u00e4 aikaa, pakkanen huitelee liki 20 asteessa, tuuli on vaiti. Lumi narskuu talvikenkieni alla. Siin\u00e4 kahdenkymmenen sentin lumikerroksen alla on my\u00f6s yht\u00e4 paksulti j\u00e4\u00e4t\u00e4 ja sen j\u00e4lkeen jossain, silmien tavoittamattomissa, lep\u00e4ilee meri. Vaitonaisena se odottaa kev\u00e4tt\u00e4. Vaaleanpunertava taivas muuttuu hiljalleen hele\u00e4n punaiseksi ja lilan [&hellip;]<\/p>\n","protected":false},"author":1,"featured_media":0,"comment_status":"open","ping_status":"open","sticky":false,"template":"","format":"standard","meta":{"footnotes":""},"categories":[8],"tags":[51,52,50,53],"class_list":["post-1379","post","type-post","status-publish","format-standard","hentry","category-luonto","tag-hiihtaminen","tag-hiljaisuus","tag-kuu","tag-talvi"],"_links":{"self":[{"href":"https:\/\/www.laurapennanen.fi\/index.php?rest_route=\/wp\/v2\/posts\/1379","targetHints":{"allow":["GET"]}}],"collection":[{"href":"https:\/\/www.laurapennanen.fi\/index.php?rest_route=\/wp\/v2\/posts"}],"about":[{"href":"https:\/\/www.laurapennanen.fi\/index.php?rest_route=\/wp\/v2\/types\/post"}],"author":[{"embeddable":true,"href":"https:\/\/www.laurapennanen.fi\/index.php?rest_route=\/wp\/v2\/users\/1"}],"replies":[{"embeddable":true,"href":"https:\/\/www.laurapennanen.fi\/index.php?rest_route=%2Fwp%2Fv2%2Fcomments&post=1379"}],"version-history":[{"count":2,"href":"https:\/\/www.laurapennanen.fi\/index.php?rest_route=\/wp\/v2\/posts\/1379\/revisions"}],"predecessor-version":[{"id":1387,"href":"https:\/\/www.laurapennanen.fi\/index.php?rest_route=\/wp\/v2\/posts\/1379\/revisions\/1387"}],"wp:attachment":[{"href":"https:\/\/www.laurapennanen.fi\/index.php?rest_route=%2Fwp%2Fv2%2Fmedia&parent=1379"}],"wp:term":[{"taxonomy":"category","embeddable":true,"href":"https:\/\/www.laurapennanen.fi\/index.php?rest_route=%2Fwp%2Fv2%2Fcategories&post=1379"},{"taxonomy":"post_tag","embeddable":true,"href":"https:\/\/www.laurapennanen.fi\/index.php?rest_route=%2Fwp%2Fv2%2Ftags&post=1379"}],"curies":[{"name":"wp","href":"https:\/\/api.w.org\/{rel}","templated":true}]}}