{"id":4256,"date":"2020-03-01T12:32:43","date_gmt":"2020-03-01T10:32:43","guid":{"rendered":"http:\/\/www.laurapennanen.fi\/?p=4256"},"modified":"2020-03-01T13:14:09","modified_gmt":"2020-03-01T11:14:09","slug":"saaristolaisen-ajatuksia-lehden-sivuilla","status":"publish","type":"post","link":"https:\/\/www.laurapennanen.fi\/?p=4256","title":{"rendered":"Saaristolaisen ajatuksia lehden sivuilla"},"content":{"rendered":"<p>Paikallislehden toimittaja halusi tehd\u00e4 minusta jutun lehteen. Ei siis vartavasten minusta vaan aiheesta saaristossa asuminen ja siin\u00e4 sivussa viel\u00e4 ty\u00f6ss\u00e4k\u00e4yntikin sielt\u00e4 k\u00e4sin. Koska asun saaressa ja k\u00e4yn sielt\u00e4 k\u00e4sin mantereella t\u00f6iss\u00e4, olin siten hyv\u00e4 haastateltava. Minusta aihe oli t\u00e4rke\u00e4 ja siksikin suostuin haastatteluun. Paljon puhutaan saaristoasumisen elvytt\u00e4misest\u00e4 ja juuri t\u00e4llaiset tilanteet t\u00e4ytyy k\u00e4ytt\u00e4\u00e4 hy\u00f6dyksi, ett\u00e4 saadaan asiaa eteenp\u00e4in.<\/p>\n<p>Olen t\u00e4h\u00e4n menness\u00e4 saanut luetuksi paperiseen lehteen kirjoitetun version. Juttu on laitettu my\u00f6s digitaalisesti luettavaksi nettiin mutta t\u00e4t\u00e4 en ole p\u00e4\u00e4ssyt viel\u00e4 lukemaan. Halusin painottaa haastattelussa sit\u00e4, ett\u00e4 saaristolaisille t\u00e4rke\u00e4t yhteysalusvuorot saataisiin muokattua niin, ett\u00e4 oikeasti saaresta k\u00e4sin kykenee p\u00e4ivitt\u00e4in mantereella t\u00f6iss\u00e4 k\u00e4ym\u00e4\u00e4n. Nyth\u00e4n n\u00e4in ei ole vaan mekin joudumme olemaan pois kotoa 1-2 p\u00e4iv\u00e4\u00e4 viikossa, kun vuoroja ei ole v\u00e4hint\u00e4\u00e4n kahta joka viikonp\u00e4iv\u00e4lle. Toinen t\u00e4rke\u00e4 asia paperisessa versiossa oli tuotu esiin. Kun asutaan tai m\u00f6kkeill\u00e4\u00e4n saaristossa, on ehdottoman t\u00e4rke\u00e4\u00e4 el\u00e4\u00e4 siell\u00e4 saariston herk\u00e4n luonnon ja sen infran ehdoilla. Vaikka saaaristoasumista elvytet\u00e4\u00e4n, ei ole tarkoitus siirt\u00e4\u00e4 kaupunkia saareen. Saaressa elet\u00e4\u00e4n siis saariston ehdoin. Autot ja meteli eiv\u00e4t kuulu siihen ymp\u00e4rist\u00f6\u00f6n.<\/p>\n<p>On hieman ristiriitaista puhua saaristoasumisen elvytt\u00e4misest\u00e4, jos ei mahdollisteta ensin sit\u00e4, ett\u00e4 ty\u00f6ik\u00e4iset ja lapset pystyv\u00e4t saaresta k\u00e4sin kulkemaan palvelujen, koulujen ja ty\u00f6paikkojen luo mantereelle. Kukaan ei edes ala miettim\u00e4\u00e4n kokonaanmuuttamista saareen nykyisill\u00e4 yhteysalusvuoroilla. Paljon olen kuullut purnausta kaupunkilaisilta siit\u00e4, ett\u00e4 aluksilla kulkemiset ovat maksuttomia. Ihmiset kiukuttelevat eriarvoisuudesta. Yhteysalus on tien korvike. Se, mik\u00e4 kaupunkilaiselle on itsest\u00e4\u00e4nselvyys, sit\u00e4 saarelaisella ei ole. Tie t\u00f6ihin, kouluun, kauppaan. Yhteysalus on, etenkin kelirikko- ja j\u00e4\u00e4kautena, ainut tie, jonka avulla p\u00e4\u00e4semme palveluiden luo, ja t\u00f6ihin. Ei liene siis eriarvoista, kun mantereella tiest\u00f6\u00e4 yll\u00e4pidet\u00e4\u00e4n verovaroin. Saaren ja mantereen v\u00e4list\u00e4 tiest\u00f6\u00e4 samoin yll\u00e4pidet\u00e4\u00e4n verovaroin, yhteysaluksen muodossa. Sit\u00e4 paitsi jokainen, asuinpaikkaan katsomatta, on tervetullut Otavan ja Teklan kyytiin. Suosittelen sit\u00e4 monestakin syyst\u00e4 mutta eritoten kauniiden merimaisemien ja sen k\u00e4sityksen saadakseen, millaista matkaa siell\u00e4 asuvat taittavat p\u00e4ivitt\u00e4in. Ja Otavan miehist\u00f6 on aivan napakymppi. <\/p>\n<p>Koska olen kaaosmaisten ajatusten keskell\u00e4 jatkuvasti, voi olla, etten pysty yhdell\u00e4 kertaa kertomaan kaikkea, mit\u00e4 haluaisin. Haastatteluhetkell\u00e4 huomasin t\u00e4m\u00e4n moneen otteeseen. Lehtikirjoituksessakin mainittu ADHD on ollut hyvin painava syy siihen, ett\u00e4 muutin pysyv\u00e4sti saareen. En kykene el\u00e4m\u00e4\u00e4n kaupungin h\u00e4lyss\u00e4, kiireess\u00e4 ja ihmismassojen keskell\u00e4. \u00c4\u00e4niyliherkk\u00e4n\u00e4, jatkuvasti levottomasti liikehtiv\u00e4n\u00e4 ja joskus itselleni vaarallisen s\u00e4hl\u00e4\u00e4mistavan omaavana olen liikkuva tapaturmapommi. Saaressa on turvallista olla. ADHD:ni ei ole viel\u00e4 saanut pistett\u00e4 i:in p\u00e4\u00e4lle, joten tutkimukset jatkuvat. Etenkin silt\u00e4osin, miten minua pystytt\u00e4isiin auttamaan, jotta saisin edes luettua lehden. Arkeni on kovin poikkeavaa tavallisesta ja siksi saariston suojissa tunnen olevani omassa maailmassani. <\/p>\n<p>Yhden selke\u00e4n virheen haluan tuoda esiin, jota ei tietenk\u00e4\u00e4n saa en\u00e4\u00e4 painetusta versiosta pois. Lehtijutussa oli maininta i\u00e4kk\u00e4\u00e4st\u00e4 \u00e4idist\u00e4ni. \u00c4iti on hyv\u00e4ss\u00e4 kunnossa mutta monen asian yhteisvaikutuksesta h\u00e4n ei ole en\u00e4\u00e4 saaressa k\u00e4ynyt. Kun luin artikkelista kohdan, jossa omat maani ja \u00e4idin maani oli laskettu yhteen ja virheellisesti koko m\u00e4\u00e4r\u00e4 oli liitetty minuun rakennuksineen, tuli paha mieli. Minulla on oma tontti ja vaikka \u00e4itini tontti on siin\u00e4 aivan kiinni, en tietenk\u00e4\u00e4n omista sit\u00e4, eik\u00e4 se tulevaisuudessakaan j\u00e4\u00e4 yksin minulle. En ehk\u00e4 osaanut selke\u00e4sti painottaa toimittajalle t\u00e4t\u00e4 asiaa? Mie saan k\u00e4ytt\u00e4\u00e4 \u00e4itini rantaa, jossa Marukin on laiturissa. Omaa rantaa minulla ei ole. \u00c4idilleni on ollut kautta-aikain t\u00e4rke\u00e4\u00e4 n\u00e4m\u00e4 asiat. Onneksi kuitenkaan t\u00e4m\u00e4 k\u00f6mm\u00e4hdys ei muuta ajatuksiamme toistemme suhteen. \u00c4iti on kultainen. <\/p>\n<p>Toinen, l\u00e4hinn\u00e4 humoristinen k\u00f6mm\u00e4hdys jutussa oli soutumatkaan liittyv\u00e4 aika. Jutussa kerrottiin ajasta, jonka k\u00e4ytimme soutaessamme saaren ja mantereen v\u00e4li\u00e4, kun Maru oli viisi ja puoli viikkoa telakalla. Toimittaja oli muistanut aivan oikein ensimm\u00e4isen ajan, jonka k\u00e4ytimme soutaessamme pikkuveneen Sapokkaan. T\u00e4ll\u00f6inh\u00e4n siis soudimme kotilaiturista Kuutsalon it\u00e4puolelta, pohjoisk\u00e4rjen ohi, pikkusaarien vieritse laivav\u00e4yl\u00e4n yli Kotkaan. Aikaa siin\u00e4 todella meni 2 tuntia 10 minuuttia. Mutta sitten sen kolme viikkoa, joka soudimme Sapokasta Mulliin ja illalla toiseen suuntaan, aikaa meni vain tunti suuntaansa. Emme siis soutaneet joka p\u00e4iv\u00e4 saaren ymp\u00e4ri omaan laituiriin vaan Mulliin, josta k\u00e4velimme kotiin mets\u00e4n l\u00e4pi. T\u00e4m\u00e4nkin k\u00f6mm\u00e4hdyksen voisin ottaa omalle kontolleni, sill\u00e4 puheeni on niin nopeaa ja ajatukseni vaihtaa aihetta sellaisessa tahdissa, ettei minua tulkitse t\u00e4ysin oikein kuin toinen ADHD. T\u00e4m\u00e4n olemme mieheni kanssa todenneet useaan otteeseen. Kun nuorin poikani juttelee kanssani, ulkopuolinen kuuntelija putoaa k\u00e4rryilt\u00e4 ensimm\u00e4isen 10 minuutin j\u00e4lkeen. Mie ja poikani sen sijaan puhua p\u00e4lp\u00e4t\u00e4mme tunnin jos toisenkin, ymm\u00e4rt\u00e4en ja pysyen kelkassa. Pojallanikin on ADHD.<\/p>\n<p>Yht\u00e4 kaikki, haastattelu, kuvattavana oleminen ja lehtijuttu olivat hieno kokemus, joka ei tule j\u00e4\u00e4m\u00e4\u00e4n viimeiseksi. Meill\u00e4 iti toimittajan kanssa toinen aihe, joka ehk\u00e4 n\u00e4kee p\u00e4iv\u00e4nvalon. T\u00e4st\u00e4 ensimm\u00e4isest\u00e4 kokemuksesta viisastuneena ja oppia ottaneena, olen valmiimpi seuraavaan. Kuinka t\u00e4rke\u00e4\u00e4 on kuunnella saariston \u00e4\u00e4nt\u00e4. Ja kuinka t\u00e4rke\u00e4\u00e4 on muistaa, ett\u00e4 painettukaan sana ei aina ole virheet\u00f6nt\u00e4. T\u00e4t\u00e4 asiaa painotan aina itselleni, kun kirjoitan blogeja. Mieheni lukee jutut ja korjaan ajatuskaaokseni virheet mahdollisimman pian. Toivon tietysti sit\u00e4, ett\u00e4 lehtikirjoitus, etenkin se digipainos, toisi ihmisi\u00e4 vierailemaan sivuillamme. Koetamme parhaamme mukaan tuottaa kuvia saaristosta, merelt\u00e4 ja kaikesta, mik\u00e4 liittyy kahden saaressa asuvan el\u00e4m\u00e4\u00e4n. T\u00e4\u00e4ll\u00e4 blogin puolella on sitten saariaiheiden lis\u00e4ksi teksti\u00e4, joka kumpuaa el\u00e4m\u00e4ni vaikeista asioista. Asioista, jotka osittain ovat saaneet minut pysyv\u00e4sti saaristolaiseksi. Kun yksi on poliisi, toinen siivooja, kolmas arkkitehti, nelj\u00e4s merikapteeni, mie olen lehdenjakaja ajatuksieni kanssa, jotka haluan jakaa lukijoideni, tukijoideni ja niiden ihmisten kanssa, jotka tarttuvat ajatukseen. Tarttuvat k\u00e4teeni.<\/p>\n","protected":false},"excerpt":{"rendered":"<p>Paikallislehden toimittaja halusi tehd\u00e4 minusta jutun lehteen. Ei siis vartavasten minusta vaan aiheesta saaristossa asuminen ja siin\u00e4 sivussa viel\u00e4 ty\u00f6ss\u00e4k\u00e4yntikin sielt\u00e4 k\u00e4sin. Koska asun saaressa ja k\u00e4yn sielt\u00e4 k\u00e4sin mantereella t\u00f6iss\u00e4, olin siten hyv\u00e4 haastateltava. Minusta aihe oli t\u00e4rke\u00e4 ja siksikin suostuin haastatteluun. Paljon puhutaan saaristoasumisen elvytt\u00e4misest\u00e4 ja juuri t\u00e4llaiset tilanteet t\u00e4ytyy k\u00e4ytt\u00e4\u00e4 hy\u00f6dyksi, ett\u00e4 [&hellip;]<\/p>\n","protected":false},"author":1,"featured_media":0,"comment_status":"open","ping_status":"open","sticky":false,"template":"","format":"standard","meta":{"footnotes":""},"categories":[6],"tags":[26,155,151,48,154],"class_list":["post-4256","post","type-post","status-publish","format-standard","hentry","category-pohdintoja","tag-adhd","tag-koti","tag-saaristo","tag-tyo","tag-yhteysalukset"],"_links":{"self":[{"href":"https:\/\/www.laurapennanen.fi\/index.php?rest_route=\/wp\/v2\/posts\/4256","targetHints":{"allow":["GET"]}}],"collection":[{"href":"https:\/\/www.laurapennanen.fi\/index.php?rest_route=\/wp\/v2\/posts"}],"about":[{"href":"https:\/\/www.laurapennanen.fi\/index.php?rest_route=\/wp\/v2\/types\/post"}],"author":[{"embeddable":true,"href":"https:\/\/www.laurapennanen.fi\/index.php?rest_route=\/wp\/v2\/users\/1"}],"replies":[{"embeddable":true,"href":"https:\/\/www.laurapennanen.fi\/index.php?rest_route=%2Fwp%2Fv2%2Fcomments&post=4256"}],"version-history":[{"count":10,"href":"https:\/\/www.laurapennanen.fi\/index.php?rest_route=\/wp\/v2\/posts\/4256\/revisions"}],"predecessor-version":[{"id":4267,"href":"https:\/\/www.laurapennanen.fi\/index.php?rest_route=\/wp\/v2\/posts\/4256\/revisions\/4267"}],"wp:attachment":[{"href":"https:\/\/www.laurapennanen.fi\/index.php?rest_route=%2Fwp%2Fv2%2Fmedia&parent=4256"}],"wp:term":[{"taxonomy":"category","embeddable":true,"href":"https:\/\/www.laurapennanen.fi\/index.php?rest_route=%2Fwp%2Fv2%2Fcategories&post=4256"},{"taxonomy":"post_tag","embeddable":true,"href":"https:\/\/www.laurapennanen.fi\/index.php?rest_route=%2Fwp%2Fv2%2Ftags&post=4256"}],"curies":[{"name":"wp","href":"https:\/\/api.w.org\/{rel}","templated":true}]}}