{"id":4290,"date":"2020-03-13T11:48:27","date_gmt":"2020-03-13T09:48:27","guid":{"rendered":"http:\/\/www.laurapennanen.fi\/?p=4290"},"modified":"2020-03-13T12:50:08","modified_gmt":"2020-03-13T10:50:08","slug":"korona","status":"publish","type":"post","link":"https:\/\/www.laurapennanen.fi\/?p=4290","title":{"rendered":"korona"},"content":{"rendered":"<p>T\u00e4m\u00e4 virus on ollut otsikoissa ja ihmisten mieliss\u00e4 viime viikkoina tiiviisti. Korona on rantautunut my\u00f6s Suomeen ja epidemia on ovella. Ihmettelen suuresti v\u00e4h\u00e4ttelevi\u00e4 kannanottoja taudin vakavuudesta. Vaikka suurin osa sairastaa taudin liev\u00e4n\u00e4, on my\u00f6s niit\u00e4, joille se on hengenvaarallinen. Jokainen, joka taudin saa, my\u00f6s levitt\u00e4\u00e4 sit\u00e4, ellei henkil\u00f6kohtaisesti pid\u00e4 huolta siit\u00e4, ett\u00e4 on poissa ihmisten seasta taudin tartuttavuuden ajan. Koska liikkeell\u00e4 on my\u00f6s tavallista lenssua ja jonkin verran my\u00f6s astetta kovempaa influenssaa, olisi nyt t\u00e4rke\u00e4\u00e4, ett\u00e4 pienienkin oireiden tuntuessa, j\u00e4\u00e4d\u00e4\u00e4n kotiin potemaan tautia (oli se sitten nimelt\u00e4\u00e4n mik\u00e4 tahansa). Koska korona tarttuu suht helposti my\u00f6s pinnoilta, sen voi saada l\u00e4hestulkoon mist\u00e4 vaan, miss\u00e4 ihmisi\u00e4 liikkuu.<\/p>\n<p>Eli jos nyt ei tuijotettaisi vain sit\u00e4 omaa napaa ja ajateltaisi, ett\u00e4 heh, tuohan on median vouhkaama pieni ja mit\u00e4t\u00f6n virus, joka ei minua h\u00e4iritse. Paniikkiin ja pelkoon ei ole syyt\u00e4 vaan asiaa on hyv\u00e4 k\u00e4sitell\u00e4 maalaisj\u00e4rjell\u00e4. Mit\u00e4 v\u00e4hemm\u00e4n kontakteja ja mit\u00e4 enemm\u00e4n k\u00e4sien pesua, sen hitaammin virus etenee ja vanhuksia ja monisairaita pystyt\u00e4\u00e4n auttamaan tarpeeksi hyvin ja tehokkaasti.<\/p>\n<p>Ty\u00f6nantajien pit\u00e4isi nyt ymm\u00e4rt\u00e4\u00e4, ett\u00e4 ihmiset ovat poissa t\u00f6ist\u00e4 herkemmin ja niit\u00e4 et\u00e4t\u00f6it\u00e4 voi ehdotella teht\u00e4v\u00e4ksi, mik\u00e4li se on mahdollista. Koulut ja p\u00e4iv\u00e4kodit pit\u00e4isi laittaa kiinni matalalla kynnyksell\u00e4, kun alueella todetaan koronaa. Voisi my\u00f6s toteuttaa l\u00e4hiopetusta pienemmiss\u00e4 ryhmiss\u00e4, jaksotetusti. Muutaman viikon seisokki on pienempi ongelma kuin laajamittainen, eksponentiaalisesti nouseva tartunnan saavien k\u00e4yr\u00e4. Ja sinne jumppatunnille voi olla menem\u00e4tt\u00e4.<\/p>\n<p>Koronavirus on tuonut jotain hyv\u00e4\u00e4kin. Kiinassa ilmansaasteet ovat laskeneet voimakkaasti epidemian ollessa voimakkaimmillaan. My\u00f6s yhteenhiileen puhaltaminen on kasvanut ihmisten keskuudessa. Liikkuminen luonnossa ei ole kielletty altistuneiltakaan, joten t\u00e4m\u00e4kin plussaa. Ihmiset l\u00f6yt\u00e4v\u00e4t uusia juttuja arkeensa. Lapset n\u00e4ytt\u00e4v\u00e4t selvi\u00e4v\u00e4n taudista onneksi v\u00e4h\u00e4ll\u00e4. Vaikka virus on p\u00e4\u00e4osalle liev\u00e4 ja vaaraton, pidet\u00e4\u00e4n huolta vanhoista ihmisist\u00e4 ja niist\u00e4, jotka ovat todellisessa hengenvaarassa viruksen iskiess\u00e4 kohdalle. N\u00e4m\u00e4 perussairauksia omaavat ihmiset voivat olla (aikuisia) lapsiasi, puolisosi, yst\u00e4v\u00e4si tai vaikka naapurin mukava t\u00e4ti. Tarvitaan siis aimo annos yhteis\u00f6llist\u00e4 vastuuta.<\/p>\n<p>Kiitos ja toivon kaikille viruksetonta arkea <3\n<\/p>\n","protected":false},"excerpt":{"rendered":"<p>T\u00e4m\u00e4 virus on ollut otsikoissa ja ihmisten mieliss\u00e4 viime viikkoina tiiviisti. Korona on rantautunut my\u00f6s Suomeen ja epidemia on ovella. Ihmettelen suuresti v\u00e4h\u00e4ttelevi\u00e4 kannanottoja taudin vakavuudesta. Vaikka suurin osa sairastaa taudin liev\u00e4n\u00e4, on my\u00f6s niit\u00e4, joille se on hengenvaarallinen. Jokainen, joka taudin saa, my\u00f6s levitt\u00e4\u00e4 sit\u00e4, ellei henkil\u00f6kohtaisesti pid\u00e4 huolta siit\u00e4, ett\u00e4 on poissa ihmisten [&hellip;]<\/p>\n","protected":false},"author":1,"featured_media":0,"comment_status":"open","ping_status":"open","sticky":false,"template":"","format":"standard","meta":{"footnotes":""},"categories":[10],"tags":[161,162],"class_list":["post-4290","post","type-post","status-publish","format-standard","hentry","category-terveys","tag-korona","tag-yhteisollisyys"],"_links":{"self":[{"href":"https:\/\/www.laurapennanen.fi\/index.php?rest_route=\/wp\/v2\/posts\/4290","targetHints":{"allow":["GET"]}}],"collection":[{"href":"https:\/\/www.laurapennanen.fi\/index.php?rest_route=\/wp\/v2\/posts"}],"about":[{"href":"https:\/\/www.laurapennanen.fi\/index.php?rest_route=\/wp\/v2\/types\/post"}],"author":[{"embeddable":true,"href":"https:\/\/www.laurapennanen.fi\/index.php?rest_route=\/wp\/v2\/users\/1"}],"replies":[{"embeddable":true,"href":"https:\/\/www.laurapennanen.fi\/index.php?rest_route=%2Fwp%2Fv2%2Fcomments&post=4290"}],"version-history":[{"count":2,"href":"https:\/\/www.laurapennanen.fi\/index.php?rest_route=\/wp\/v2\/posts\/4290\/revisions"}],"predecessor-version":[{"id":4293,"href":"https:\/\/www.laurapennanen.fi\/index.php?rest_route=\/wp\/v2\/posts\/4290\/revisions\/4293"}],"wp:attachment":[{"href":"https:\/\/www.laurapennanen.fi\/index.php?rest_route=%2Fwp%2Fv2%2Fmedia&parent=4290"}],"wp:term":[{"taxonomy":"category","embeddable":true,"href":"https:\/\/www.laurapennanen.fi\/index.php?rest_route=%2Fwp%2Fv2%2Fcategories&post=4290"},{"taxonomy":"post_tag","embeddable":true,"href":"https:\/\/www.laurapennanen.fi\/index.php?rest_route=%2Fwp%2Fv2%2Ftags&post=4290"}],"curies":[{"name":"wp","href":"https:\/\/api.w.org\/{rel}","templated":true}]}}