{"id":4338,"date":"2020-03-27T13:17:44","date_gmt":"2020-03-27T11:17:44","guid":{"rendered":"http:\/\/www.laurapennanen.fi\/?p=4338"},"modified":"2020-03-27T16:05:40","modified_gmt":"2020-03-27T14:05:40","slug":"ahdistuksen-ilmapiiri","status":"publish","type":"post","link":"https:\/\/www.laurapennanen.fi\/?p=4338","title":{"rendered":"Ahdistuksen ilmapiiri"},"content":{"rendered":"<p>K\u00e4rvistelin keskiviikkoillasta perjantaiaamuun selke\u00e4ss\u00e4, korkeassa kuumeessa ja j\u00e4in miettim\u00e4\u00e4n, johtuiko se koronasta. Kuumeen lis\u00e4ksi ei oikeastaan ollut mit\u00e4\u00e4n muita oireita, hyvin liev\u00e4\u00e4 lihass\u00e4rky\u00e4 ja paineen tunnetta rintalastan alla lukuunottamatta. N\u00e4m\u00e4kin oireet katosivat keskiviikkoillan j\u00e4lkeen. Miksi t\u00e4t\u00e4 mietin? Siksi, ett\u00e4 Suomessa ei testata v\u00e4h\u00e4oireisia, koska testausv\u00e4lineist\u00e4 ja ajasta on pulaa. Kaikkien v\u00e4h\u00e4oireistenkin potilaiden testaus s\u00f6isi hirve\u00e4sti aikaa ja resursseja hoitohenkil\u00f6kunnalta ja kun virus on totaalisesti globaali ongelma, my\u00f6s v\u00e4lineiden saanti on kiven alla. MUTTA. Vaikka henkil\u00f6kohtaisesti jatkan olemista ja arkea niin, etten ole sairastanut koronaa (koska en siis tied\u00e4 kuumeeni syyt\u00e4), n\u00e4en t\u00e4ss\u00e4 ongelman, joka sy\u00f6 pohjan kaikilta laajoilta paikkojen sulkemisilta, erist\u00e4misilt\u00e4 ym toimenpiteilt\u00e4.<\/p>\n<p>Oletetaan, ett\u00e4 tautini olisi korona. En siis tied\u00e4 sit\u00e4. Menen t\u00f6ihin digiklinikan ohjeistuksen mukaan yhden oireettoman p\u00e4iv\u00e4n p\u00e4\u00e4st\u00e4. Olenko siis silloin siin\u00e4 kunnossa, etten taatusti tartuta tautia ty\u00f6yhteis\u00f6\u00f6ni? Toinen juttu. Mieheni mit\u00e4 ilmeisimmin sai my\u00f6s taudin. H\u00e4n saattaisi sairastaa sen t\u00e4ysin oireettomana tai hyvin lievin oirein kuten min\u00e4kin. Koska minua ei testattu, emme tied\u00e4 tautini vakavuutta ja teemme kuten meit\u00e4 ohjeistetaan: Mieheni jatkaa normaalisti t\u00f6it\u00e4\u00e4n (jos minut olisi testattu, mieheni olisi statuksella altistunut ja olisi kaksi viikkoa karanteenissa) ja h\u00e4n menee sitten hoitamaan i\u00e4kk\u00e4iden vanhempiensa kauppa ym asioita, ja mahdollisesti tartuttaa juuri niit\u00e4, joita varten Suomi on nimenomaa eristyksiss\u00e4.<\/p>\n<p>Miksi n\u00e4in?<\/p>\n<p>My\u00f6s sairasloma-asiat on hoidettu hieman miten sattuu. Ty\u00f6nantaja voi kirjoittaa 1-7 p\u00e4iv\u00e4\u00e4 saikkua, meill\u00e4 se on 1-3 p\u00e4iv\u00e4\u00e4. Ent\u00e4 sitten? Otan yhteytt\u00e4 digiklinikkaan, jossa tarkkaan kysell\u00e4\u00e4n, olenko ollut ulkomailla tai tekemisiss\u00e4 koronatestatun ihmisen kanssa, joka on sairas. Kysell\u00e4\u00e4n my\u00f6s omat perussairaudet ja voinnit. Kun vastaus on ei, en ole ollut ulkomailla enk\u00e4 ole tavannut (ainakaan tiet\u00e4en sit\u00e4) koronapotilasta ja olen ihan ok kunnossa, ohjeistus kuuluu, ett\u00e4 yhden oireettoman p\u00e4iv\u00e4n j\u00e4lkeen voin palata t\u00f6ihin. Mutta miten se tartuttavuus sitten lopulta menik\u00e4\u00e4n? Mediassa toitotetaan, ett\u00e4 pysy kotona kaksi viikkoa, jos olet altistunut (it\u00e4misaika on 2-12 vuorokautta) tai jos olet v\u00e4h\u00e4\u00e4k\u00e4\u00e4n oireinen, \u00e4l\u00e4 mene t\u00f6ihin ja ole riitt\u00e4v\u00e4n kauan kotona sairastamassa. Mutta sitten digin\u00e4 sanotaan, ett\u00e4 kahden kuumeisen p\u00e4iv\u00e4n j\u00e4lkeen, mene t\u00f6ihin yhden oireettoman p\u00e4iv\u00e4n j\u00e4lkeen. Voiko koronan tartuttavuus loppua kolmen p\u00e4iv\u00e4n p\u00e4\u00e4st\u00e4 oireiden alkamisesta? N\u00e4in on t\u00e4m\u00e4nhetkinen linjaus. V\u00e4h\u00e4oireisen on vaikea tiet\u00e4\u00e4, milloin ne oireet lopulta ovat kokonaan pois. Ehk\u00e4 olisi parempi olla suoraan viikko pois t\u00f6ist\u00e4, jotta varmistuisi se, ettei tauti levi\u00e4. Ja jos oireita on pidemp\u00e4\u00e4n, niin silloin tietysti sairaslomakin jatkuisi pidemp\u00e4\u00e4n.<\/p>\n<p>En yht\u00e4\u00e4n ihmettele, ett\u00e4 virus levi\u00e4\u00e4.<\/p>\n<p>Mutta en siis tied\u00e4, oliko tauti koronaa. Arki jatkuu eteenp\u00e4in v\u00e4ltellen kontakteja, hoitaen i\u00e4kk\u00e4\u00e4n \u00e4itini kauppa-asioita ja pesten k\u00e4si\u00e4. SILTI&#8230; ajatukset eiv\u00e4t anna rauhaa. Mit\u00e4 jos tartutan tautia eteenp\u00e4in ja nimenomaa riskiryhm\u00e4n ihmisiin? Suomen voimassa olevat koulujen ym sulkemiset, maakunnan eristykset ja muut toimet ovat hyvi\u00e4 mutta eiv\u00e4t riitt\u00e4vi\u00e4, ellei potilaita testata ja siten tiedosteta, miss\u00e4 virus jyll\u00e4\u00e4. Kun todetaan v\u00e4h\u00e4oireinenkin korona, sen kantaja suoraan l\u00e4heisineen v\u00e4hint\u00e4\u00e4n kahden viikon karanteeniin tai niin kauaksi aikaa, kunnes oireet ja tartuttavuus ovat pois.<\/p>\n<p>Jos tuntemattoman pelko ahdistaa, viel\u00e4 enemm\u00e4n ahdistaa, jos itse voi olla se, joka sit\u00e4 pelon aiheuttajaa tiedostamattaan levitt\u00e4\u00e4. Isoissakin projekteissa pit\u00e4isi rakentaminen aloittaa perustuksista. Seulotaan tarkkaan ne maanhiljaisetkin, v\u00e4h\u00e4oireiset, muutoin t\u00e4m\u00e4 homma karkaa k\u00e4sist\u00e4 ja terveydenhuolto ihan oikeastaan kuormittuu.<\/p>\n","protected":false},"excerpt":{"rendered":"<p>K\u00e4rvistelin keskiviikkoillasta perjantaiaamuun selke\u00e4ss\u00e4, korkeassa kuumeessa ja j\u00e4in miettim\u00e4\u00e4n, johtuiko se koronasta. Kuumeen lis\u00e4ksi ei oikeastaan ollut mit\u00e4\u00e4n muita oireita, hyvin liev\u00e4\u00e4 lihass\u00e4rky\u00e4 ja paineen tunnetta rintalastan alla lukuunottamatta. N\u00e4m\u00e4kin oireet katosivat keskiviikkoillan j\u00e4lkeen. Miksi t\u00e4t\u00e4 mietin? Siksi, ett\u00e4 Suomessa ei testata v\u00e4h\u00e4oireisia, koska testausv\u00e4lineist\u00e4 ja ajasta on pulaa. Kaikkien v\u00e4h\u00e4oireistenkin potilaiden testaus s\u00f6isi hirve\u00e4sti [&hellip;]<\/p>\n","protected":false},"author":1,"featured_media":0,"comment_status":"open","ping_status":"open","sticky":false,"template":"","format":"standard","meta":{"footnotes":""},"categories":[10],"tags":[161,163],"class_list":["post-4338","post","type-post","status-publish","format-standard","hentry","category-terveys","tag-korona","tag-tartuttavuus"],"_links":{"self":[{"href":"https:\/\/www.laurapennanen.fi\/index.php?rest_route=\/wp\/v2\/posts\/4338","targetHints":{"allow":["GET"]}}],"collection":[{"href":"https:\/\/www.laurapennanen.fi\/index.php?rest_route=\/wp\/v2\/posts"}],"about":[{"href":"https:\/\/www.laurapennanen.fi\/index.php?rest_route=\/wp\/v2\/types\/post"}],"author":[{"embeddable":true,"href":"https:\/\/www.laurapennanen.fi\/index.php?rest_route=\/wp\/v2\/users\/1"}],"replies":[{"embeddable":true,"href":"https:\/\/www.laurapennanen.fi\/index.php?rest_route=%2Fwp%2Fv2%2Fcomments&post=4338"}],"version-history":[{"count":6,"href":"https:\/\/www.laurapennanen.fi\/index.php?rest_route=\/wp\/v2\/posts\/4338\/revisions"}],"predecessor-version":[{"id":4345,"href":"https:\/\/www.laurapennanen.fi\/index.php?rest_route=\/wp\/v2\/posts\/4338\/revisions\/4345"}],"wp:attachment":[{"href":"https:\/\/www.laurapennanen.fi\/index.php?rest_route=%2Fwp%2Fv2%2Fmedia&parent=4338"}],"wp:term":[{"taxonomy":"category","embeddable":true,"href":"https:\/\/www.laurapennanen.fi\/index.php?rest_route=%2Fwp%2Fv2%2Fcategories&post=4338"},{"taxonomy":"post_tag","embeddable":true,"href":"https:\/\/www.laurapennanen.fi\/index.php?rest_route=%2Fwp%2Fv2%2Ftags&post=4338"}],"curies":[{"name":"wp","href":"https:\/\/api.w.org\/{rel}","templated":true}]}}