{"id":4758,"date":"2020-09-12T09:29:55","date_gmt":"2020-09-12T07:29:55","guid":{"rendered":"http:\/\/www.laurapennanen.fi\/?p=4758"},"modified":"2020-09-12T09:30:19","modified_gmt":"2020-09-12T07:30:19","slug":"herkyyden-viesti","status":"publish","type":"post","link":"https:\/\/www.laurapennanen.fi\/?p=4758","title":{"rendered":"Herkkyyden viesti"},"content":{"rendered":"<p>Koska p\u00e4\u00e4ni on t\u00e4ynn\u00e4 ajatuksia ja olen hyvin herkk\u00e4 ihminen, kannan pienist\u00e4kin muutoksista suurta kuormaa p\u00e4\u00e4ll\u00e4ni. Monesti t\u00e4llaiset pienet jutut eiv\u00e4t lopulta ole sellaisia, joista huolta pit\u00e4isi edes kantaa. Mutta mink\u00e4s itselleni voin? Olen pohtinut sit\u00e4 my\u00f6s, miten herk\u00e4sti toinen ihminen tokaisee, ett\u00e4 mit\u00e4s sie noista murhetta kannat, \u00e4l\u00e4 v\u00e4lit\u00e4.<\/p>\n<p>Mutta mie v\u00e4lit\u00e4n, muuten en olisi mie. Oikeastaan v\u00e4lill\u00e4 se tuntuu rasittavalta. Olla n\u00e4in herkk\u00e4. Teimme uutta koiratarhaa. Kun tarha alkoi olla siin\u00e4 vaiheessa, ett\u00e4 tarhaelementit nostettiin paikoilleen, piti viel\u00e4 kaataa pihlaja edest\u00e4 pois. Pihlaja oli suurehko, joten se oli minulle hyvin tuttu vuosien saatossa. Pakkohan se oli kaataa mutta ahdistuin kertaheitolla niin paljon, ett\u00e4 en pystynyt vuorokauteen sy\u00f6m\u00e4\u00e4n mit\u00e4\u00e4n.<\/p>\n<p>Se oli siis pihlaja. Minulla on somessa paljon yst\u00e4vi\u00e4, kamuja ja tuttuja. Er\u00e4s heist\u00e4 on minulle tuntemattomasta syyst\u00e4 siirt\u00e4nyt minut ei-seurattavien listalle. No, ei siin\u00e4 mit\u00e4\u00e4n. V\u00e4lill\u00e4 toisten p\u00e4ivitykset pursuavat niin voimallisesti silmille, ett\u00e4 teen itse samaa. Lopulta kuitenkin, meid\u00e4n molempien el\u00e4m\u00e4ss\u00e4 tapahtui t\u00e4m\u00e4n somen\u00e4kyvyystauon aikana asioista, jotka olisi ollut sopivaa huomata. Sellaisia el\u00e4m\u00e4\u00e4 suurempia asioita. Nyt olen varovasti koettanut l\u00e4hesty\u00e4 kamuani. Mietin tietenkin herkk\u00e4n\u00e4, ylivilkkaana ihmisen\u00e4, olenko loukannut h\u00e4nt\u00e4 jotenkin. Mielest\u00e4ni en mutta koskaanhan ei tied\u00e4, mik\u00e4 lauseenpuolikas satuttaa toista, vaikkei itse ole sit\u00e4 mitenk\u00e4\u00e4n tarkoittanut.<\/p>\n<p>On hyv\u00e4 pohtia itsekseen, mik\u00e4 toisessa \u00e4rsytt\u00e4\u00e4. Ja onko se \u00e4rsyyntyminen sit\u00e4, ett\u00e4 ottaa itse\u00e4\u00e4n nappiin toisen puuhat vai sit\u00e4, ett\u00e4 tuntee ilke\u00e4\u00e4 tunnetta kateus toisen toimista? Vai kenties lopulta vaan sit\u00e4, ettei ole voimia pysy\u00e4 toisen p\u00e4ivitysten tahdissa. Tuntee olevansa toisarvoinen eli peilaa omaa el\u00e4m\u00e4\u00e4ns\u00e4 ja arkeaan toiseen, mik\u00e4 on aina myrkyllinen alusta tunteille kasvaa. Toisen arjen menojen, ajatusten ja tekemisten kunnioitus on hyve. Mutta viel\u00e4 parempi olisi kuitenkin katsella sinne peiliin ja pohtia, mit\u00e4 itse haluaa el\u00e4m\u00e4lt\u00e4\u00e4n. Se, mit\u00e4 tapahtuu muille, ei ole minulta pois. Mutta jos laiminly\u00f6n itse\u00e4ni, olen yhdest\u00e4 kohtaa enempi reik\u00e4juuston n\u00e4k\u00f6inen kuin aiemmin.<\/p>\n<p>Olen peruskiltti ihminen. En halua kenellek\u00e4\u00e4n pahaa, enk\u00e4 ymm\u00e4rr\u00e4 lainkaan sit\u00e4, ett\u00e4 nyrkit heiluu tai vahingoitetaan toisia tietentahtoen. T\u00e4m\u00e4 koskee my\u00f6s henkist\u00e4 v\u00e4kivaltaa. Herkyydest\u00e4ni johtuen henkist\u00e4 v\u00e4kivaltaa on my\u00f6s mm puiden kaataminen, sittisontiaisen p\u00e4\u00e4lle astuminen, vesist\u00f6jen likaaminen ja hylk\u00e4\u00e4minen. Hylk\u00e4\u00e4minen siksi, ett\u00e4 sattuu olemaan oma itsens\u00e4.<\/p>\n<p>Yst\u00e4vyys on voimakas tunne. Se ei synny keiden tahansa v\u00e4lille, eik\u00e4 v\u00e4ltt\u00e4m\u00e4tt\u00e4 silloinkaan, vaikka yhteisi\u00e4 juttuja olisi maailman napa t\u00e4ynn\u00e4. Yst\u00e4vykset kunnioittavat toistensa arkea, toistensa olemusta, toistensa ajatuksia. He iloitsevat asioista, jotka tuovat kantajalleen voimaa. He kannattelevat toisiaan arjen painolastin kasvaessa sel\u00e4ss\u00e4. Yst\u00e4v\u00e4t my\u00f6s antavat anteeksi toisilleen lipsahdukset, sill\u00e4 yst\u00e4vyys on voimallinen liitto. Pohdin t\u00e4ss\u00e4 viel\u00e4 sit\u00e4, voiko yst\u00e4vyys loppua? Ilmeisesti voi, jos osaan tulkita omaa vaistoani oikein. Ilmeisesti en ole kyennyt olemaan hyv\u00e4 yst\u00e4v\u00e4 ja minut on blokattu ulos. Ja vain siksi, ett\u00e4 olen ollut oma itseni. <\/p>\n<p>Olen hyvin surullinen t\u00e4st\u00e4.<\/p>\n","protected":false},"excerpt":{"rendered":"<p>Koska p\u00e4\u00e4ni on t\u00e4ynn\u00e4 ajatuksia ja olen hyvin herkk\u00e4 ihminen, kannan pienist\u00e4kin muutoksista suurta kuormaa p\u00e4\u00e4ll\u00e4ni. Monesti t\u00e4llaiset pienet jutut eiv\u00e4t lopulta ole sellaisia, joista huolta pit\u00e4isi edes kantaa. Mutta mink\u00e4s itselleni voin? Olen pohtinut sit\u00e4 my\u00f6s, miten herk\u00e4sti toinen ihminen tokaisee, ett\u00e4 mit\u00e4s sie noista murhetta kannat, \u00e4l\u00e4 v\u00e4lit\u00e4. Mutta mie v\u00e4lit\u00e4n, muuten en [&hellip;]<\/p>\n","protected":false},"author":1,"featured_media":0,"comment_status":"open","ping_status":"open","sticky":false,"template":"","format":"standard","meta":{"footnotes":""},"categories":[6],"tags":[176,177,123],"class_list":["post-4758","post","type-post","status-publish","format-standard","hentry","category-pohdintoja","tag-herkkyys","tag-some","tag-ystavyys"],"_links":{"self":[{"href":"https:\/\/www.laurapennanen.fi\/index.php?rest_route=\/wp\/v2\/posts\/4758","targetHints":{"allow":["GET"]}}],"collection":[{"href":"https:\/\/www.laurapennanen.fi\/index.php?rest_route=\/wp\/v2\/posts"}],"about":[{"href":"https:\/\/www.laurapennanen.fi\/index.php?rest_route=\/wp\/v2\/types\/post"}],"author":[{"embeddable":true,"href":"https:\/\/www.laurapennanen.fi\/index.php?rest_route=\/wp\/v2\/users\/1"}],"replies":[{"embeddable":true,"href":"https:\/\/www.laurapennanen.fi\/index.php?rest_route=%2Fwp%2Fv2%2Fcomments&post=4758"}],"version-history":[{"count":2,"href":"https:\/\/www.laurapennanen.fi\/index.php?rest_route=\/wp\/v2\/posts\/4758\/revisions"}],"predecessor-version":[{"id":4760,"href":"https:\/\/www.laurapennanen.fi\/index.php?rest_route=\/wp\/v2\/posts\/4758\/revisions\/4760"}],"wp:attachment":[{"href":"https:\/\/www.laurapennanen.fi\/index.php?rest_route=%2Fwp%2Fv2%2Fmedia&parent=4758"}],"wp:term":[{"taxonomy":"category","embeddable":true,"href":"https:\/\/www.laurapennanen.fi\/index.php?rest_route=%2Fwp%2Fv2%2Fcategories&post=4758"},{"taxonomy":"post_tag","embeddable":true,"href":"https:\/\/www.laurapennanen.fi\/index.php?rest_route=%2Fwp%2Fv2%2Ftags&post=4758"}],"curies":[{"name":"wp","href":"https:\/\/api.w.org\/{rel}","templated":true}]}}