{"id":5661,"date":"2023-03-20T11:34:30","date_gmt":"2023-03-20T09:34:30","guid":{"rendered":"https:\/\/www.laurapennanen.fi\/?p=5661"},"modified":"2023-03-20T11:34:30","modified_gmt":"2023-03-20T09:34:30","slug":"turnausvasymysta","status":"publish","type":"post","link":"https:\/\/www.laurapennanen.fi\/?p=5661","title":{"rendered":"Turnausv\u00e4symyst\u00e4"},"content":{"rendered":"<p>Talvi on ollut pitk\u00e4 ja oikukas. Ja hyvin erilainen kuin aiemmat talvet. Maru nousi merest\u00e4 talviunille jo marraskuun lopulla. Siit\u00e4 alkoi saarelaisen talvi yhteysaluksen kyydiss\u00e4 ja aikatauluissa. Talvi alkoi lumisena mutta muuttui kelikaruselliksi ees taas muuttuvine s\u00e4ineen. Oli pakkasta, lunta, vett\u00e4, liukasta ja taas alusta koko homma. Maaliskuun alkup\u00e4ivin\u00e4 tuntui jo hetken kev\u00e4iselt\u00e4, kunnes luonto palautti mielen ruotuun ja antoi tuutin t\u00e4ydelt\u00e4 lis\u00e4\u00e4 lunta ja pakkasta. <\/p>\n<p>Talven teki erilaiseksi my\u00f6s energiakriisi ja l\u00e4mmitysvouhkaus. S\u00e4hk\u00f6\u00e4 oli s\u00e4\u00e4stett\u00e4v\u00e4 ja nojauduttava puul\u00e4mmitykseen. Vain \u00f6isin oli patteri l\u00e4mmitt\u00e4m\u00e4ss\u00e4. Sit\u00e4kin aikaa s\u00e4\u00e4deltiin p\u00f6rssis\u00e4hk\u00f6n hintojen mukaan. Apuna oli ajastinkello. Puita kului ja niit\u00e4 tuotiin niin mantereelta, omasta puuvarastosta kuin naapurin apua hy\u00f6dynt\u00e4en. P\u00e4iv\u00e4t ja viikot tuntuivat ikuisuuksilta, kun klapia ty\u00f6nnettiin uuniin, nostettiin ja vaihdettiin kiehuvaa vett\u00e4 kylmemp\u00e4\u00e4n sek\u00e4 seurailtiin huonel\u00e4mp\u00f6tilojen pysymist\u00e4 j\u00e4rkeviss\u00e4 lukemissa.<\/p>\n<p>T\u00e4t\u00e4 kirjoittaessa elet\u00e4\u00e4n maaliskuun toisiksi viimeisell\u00e4 viikolla. Kev\u00e4t jo kurkistaa hankien alta ja toivonmukaan p\u00e4\u00e4st\u00e4isiin vihdoin helpommalla kaiken talvisen touhun j\u00e4lkeen. Oma kunto on mennyt samaa rataa alasp\u00e4in huolestuttavasti. Olen viel\u00e4 ollut t\u00f6iss\u00e4 mutta kivut ovat todella hankalat ja uni eritt\u00e4in katkonaista ja v\u00e4h\u00e4ist\u00e4. Kehon energiat ovat v\u00e4hiss\u00e4. Mieli on v\u00e4synyt mutta kokoajan koettaa olla positiivisella ja odottavalla mielell\u00e4. <\/p>\n<p>Odotan siis tietoa polvileikkauksen ajankohdasta sek\u00e4 nilkan l\u00e4\u00e4k\u00e4riajasta. Tunnen, kuinka ty\u00f6p\u00e4iv\u00e4t v\u00e4henev\u00e4t enk\u00e4 en\u00e4\u00e4 tule leikkauksen j\u00e4lkeen palaamaan siihen el\u00e4m\u00e4ntilanteeseen, ett\u00e4 olisin t\u00f6iss\u00e4k\u00e4yv\u00e4 ihminen. Luopuminen on ollut pitk\u00e4\u00e4, joka sopii minulle hyvin. Vaikka ty\u00f6 on vain ty\u00f6t\u00e4, se on henkiselle hyvinvoinnille merkitsev\u00e4\u00e4. Itselleni ei niink\u00e4\u00e4n merkitse palkka eik\u00e4 ty\u00f6yhteis\u00f6 mit\u00e4\u00e4n. En edes n\u00e4e ty\u00f6kavereitani kuin satunnaisesti. Mutta se fakta, ett\u00e4 tekee oman osuutensa ty\u00f6st\u00e4, se on t\u00e4rke\u00e4\u00e4.<\/p>\n<p>T\u00e4ss\u00e4 sairauksien vaiheessa olen kuitenkin sis\u00e4ist\u00e4nyt itselleni sen, ett\u00e4 olen nyt oman osuuteni t\u00f6ist\u00e4 tehnyt. Sairastuminen ei ole oma valinta mutta se on, ett\u00e4 osaa siirty\u00e4 el\u00e4kkeelle ajoissa. T\u00e4ll\u00e4 tarkoitan sit\u00e4, ett\u00e4 siirryn sairasel\u00e4kkeelle viel\u00e4 siin\u00e4 vaiheessa, kun pystyn k\u00e4velem\u00e4\u00e4n edes jotenkin. Ty\u00f6 ei koskaan ole niin t\u00e4rke\u00e4\u00e4, ett\u00e4 siell\u00e4 pit\u00e4\u00e4 olla siihen asti, kunnes jalat putoavat alta. <\/p>\n<p>Saarelainen odottaa jo veneen laskemista mereen. Viel\u00e4 ei siihen ole mahdollisuutta, kun Kyl\u00e4nlahti on paksussa j\u00e4\u00e4ss\u00e4. Oletan, ett\u00e4 Maru pulahtaa mereen huhti-toukokuun vaihteessa. Se helpottaa el\u00e4m\u00e4\u00e4 huomattavasti. Sit\u00e4 odotellessa ja juurikin siksi seuraan tiiviisti kev\u00e4\u00e4n etenemist\u00e4. Muuttolintujen paluuta, j\u00e4iden h\u00e4vi\u00e4mist\u00e4, lumen sulamista ja l\u00e4mp\u00f6tilojen nousua. T\u00e4ll\u00e4 kertaa talvea ei j\u00e4\u00e4 ik\u00e4v\u00e4. Toivottavasti tuollaista uusintoa ei ihan heti seuraavana talvena n\u00e4hd\u00e4.<\/p>\n","protected":false},"excerpt":{"rendered":"<p>Talvi on ollut pitk\u00e4 ja oikukas. Ja hyvin erilainen kuin aiemmat talvet. Maru nousi merest\u00e4 talviunille jo marraskuun lopulla. Siit\u00e4 alkoi saarelaisen talvi yhteysaluksen kyydiss\u00e4 ja aikatauluissa. Talvi alkoi lumisena mutta muuttui kelikaruselliksi ees taas muuttuvine s\u00e4ineen. Oli pakkasta, lunta, vett\u00e4, liukasta ja taas alusta koko homma. Maaliskuun alkup\u00e4ivin\u00e4 tuntui jo hetken kev\u00e4iselt\u00e4, kunnes luonto [&hellip;]<\/p>\n","protected":false},"author":1,"featured_media":0,"comment_status":"open","ping_status":"open","sticky":false,"template":"","format":"standard","meta":{"footnotes":""},"categories":[6,10,9],"tags":[62,117,200,53,48],"class_list":["post-5661","post","type-post","status-publish","format-standard","hentry","category-pohdintoja","category-terveys","category-tyo","tag-kevat","tag-leikkaus","tag-odotus","tag-talvi","tag-tyo"],"_links":{"self":[{"href":"https:\/\/www.laurapennanen.fi\/index.php?rest_route=\/wp\/v2\/posts\/5661","targetHints":{"allow":["GET"]}}],"collection":[{"href":"https:\/\/www.laurapennanen.fi\/index.php?rest_route=\/wp\/v2\/posts"}],"about":[{"href":"https:\/\/www.laurapennanen.fi\/index.php?rest_route=\/wp\/v2\/types\/post"}],"author":[{"embeddable":true,"href":"https:\/\/www.laurapennanen.fi\/index.php?rest_route=\/wp\/v2\/users\/1"}],"replies":[{"embeddable":true,"href":"https:\/\/www.laurapennanen.fi\/index.php?rest_route=%2Fwp%2Fv2%2Fcomments&post=5661"}],"version-history":[{"count":1,"href":"https:\/\/www.laurapennanen.fi\/index.php?rest_route=\/wp\/v2\/posts\/5661\/revisions"}],"predecessor-version":[{"id":5662,"href":"https:\/\/www.laurapennanen.fi\/index.php?rest_route=\/wp\/v2\/posts\/5661\/revisions\/5662"}],"wp:attachment":[{"href":"https:\/\/www.laurapennanen.fi\/index.php?rest_route=%2Fwp%2Fv2%2Fmedia&parent=5661"}],"wp:term":[{"taxonomy":"category","embeddable":true,"href":"https:\/\/www.laurapennanen.fi\/index.php?rest_route=%2Fwp%2Fv2%2Fcategories&post=5661"},{"taxonomy":"post_tag","embeddable":true,"href":"https:\/\/www.laurapennanen.fi\/index.php?rest_route=%2Fwp%2Fv2%2Ftags&post=5661"}],"curies":[{"name":"wp","href":"https:\/\/api.w.org\/{rel}","templated":true}]}}